{"provider_url": "https://www.barao.rs.leg.br", "title": "Vereadores em Bras\u00edlia", "html": "<p class=\"\\&quot;\\\\&quot;MsoNormal\\\\&quot;\\&quot;\">\u00a0</p>\r\n<p class=\"\\&quot;\\\\&quot;MsoNormal\\\\&quot;\\&quot;\">Entre as reivindica\u00e7\u00f5es feitas e encaminhadas, os vereadores destacam:</p>\r\n<p class=\"\\&quot;\\\\&quot;MsoListParagraphCxSpFirst\\\\&quot;\\&quot;\">\u00b7\u00a0\u00a0\u00a0\u00a0\u00a0\u00a0\u00a0 Solicita\u00e7\u00e3o na FUNASA de um po\u00e7o artesiano com profundidade superior a 600 metros.</p>\r\n<p class=\"\\&quot;\\\\&quot;MsoListParagraphCxSpMiddle\\\\&quot;\\&quot;\">\u00b7\u00a0\u00a0\u00a0\u00a0\u00a0\u00a0\u00a0 Solicita\u00e7\u00e3o de uma emenda para agricultura com o Deputado Federal Jer\u00f4nimo Goergen.</p>\r\n<p class=\"\\&quot;\\\\&quot;MsoListParagraphCxSpMiddle\\\\&quot;\\&quot;\">\u00b7\u00a0\u00a0\u00a0\u00a0\u00a0\u00a0\u00a0 Solicita\u00e7\u00e3o de emenda para Munic\u00edpio em nome do PSDB com o Deputado Federal Lucas Redecker.</p>\r\n<p class=\"\\&quot;\\\\&quot;MsoListParagraphCxSpMiddle\\\\&quot;\\&quot;\">\u00b7\u00a0\u00a0\u00a0\u00a0\u00a0\u00a0\u00a0 Solicita\u00e7\u00e3o de uma Escola de Educa\u00e7\u00e3o Infantil para a sede do munic\u00edpio para unifica\u00e7\u00e3o da EMEI Arco Irisno valor aproximado de 1,8 milh\u00e3o COM O Senador Luiz Carlos Heinze.</p>\r\n<p class=\"\\&quot;\\\\&quot;MsoListParagraphCxSpLast\\\\&quot;\\&quot;\">\u00b7\u00a0\u00a0\u00a0\u00a0\u00a0\u00a0\u00a0 Solicita\u00e7\u00e3o para interven\u00e7\u00e3o de projeto deixado anteriormente no DNIT para coloca\u00e7\u00e3o de redutores de velocidade na sede, fazer r\u00f3tula ou refugio em Bar\u00e3o Velho (entrada para Linha Francesa), entrada Linha Camilo e entrada para Arrroio Canoas.</p>\r\n<p class=\"\\&quot;\\\\&quot;MsoNormal\\\\&quot;\\&quot;\">Os vereadores aproveitaram a estada na Capital Federal para acompanhar o andamento dos projetos j\u00e1 encaminhados.</p>\r\n<p class=\"\\&quot;\\\\&quot;MsoNormal\\\\&quot;\\&quot;\">O vereador Laudir comenta a viagem: \u201cO momento n\u00e3o \u00e9 bom, mas n\u00e3o podemos perder a esperan\u00e7a e nem ao menos deixar de trabalhar em prol de nossos mun\u00edcipes, estamos na luta por recursos que trar\u00e3o melhorias para toda popula\u00e7\u00e3o baronense\u201d.</p>\r\n<p class=\"\\&quot;\\\\&quot;MsoNormal\\\\&quot;\\&quot;\">Na expectativa pela libera\u00e7\u00e3o de recursos, Pedro Gilson fala da import\u00e2ncia destas viagens: \u201cAs viagens \u00e0 Bras\u00edlia costumam dar bons resultados, fizemos o nosso melhor e esperamos colher bons frutos do nosso trabalho, claro que muitas vezes os frutos n\u00e3o ser\u00e3o em curto prazo, mas tamb\u00e9m em longo prazo, mesmo assim acredito ser muito importante continuar buscando melhorias.\u201d</p>", "author_name": "Interlegis", "version": "1.0", "author_url": "https://www.barao.rs.leg.br/author/Interlegis", "provider_name": "C\u00e2mara Municipal de Bar\u00e3o -  RS", "type": "rich"}